{"id":649,"date":"2013-09-07T16:00:09","date_gmt":"2013-09-07T13:00:09","guid":{"rendered":"http:\/\/www.printcenter.ro\/blog\/?p=649"},"modified":"2013-09-07T16:00:09","modified_gmt":"2013-09-07T13:00:09","slug":"ne-am-ocupat-de-tot-ce-a-insemnat-material-promo-pentru-fits-2013","status":"publish","type":"post","link":"https:\/\/www.printcenter.ro\/blog\/ne-am-ocupat-de-tot-ce-a-insemnat-material-promo-pentru-fits-2013\/","title":{"rendered":"Ne-am ocupat de tot ce a \u00eensemnat material promo pentru FITS 2013"},"content":{"rendered":"<p>Adev\u0103rul este c\u0103 atunci c\u00e2nd te al\u0103turi unei echipe uria\u015fe, a\u015fa cum este cea a <a href=\"http:\/\/www.sibfest.ro\/\" title=\"Festivalul Intenational de Teatru Sibiu\" target=\"_blank\">Festivalului Interna\u0163ional de Teatru <\/a>\u015fi faci vizibil\u0103 cu un promo de zile mari, a\u015fa cum am f\u0103cut noi, cea mai mare desf\u0103\u015furare cultural\u0103 din \u0163ar\u0103, nu ai cum s\u0103 nu te umfli \u00een pene. Calitatea poate fi provat\u0103 doar prin calitate. \u015ei noi asta am f\u0103cut pentru <a href=\"http:\/\/www.sibfest.ro\/\" title=\"FITS 2013\" target=\"_blank\">FITS 2013<\/a>.<br \/>\n<a href=\"http:\/\/www.sibfest.ro\/\" title=\"Festivalul International de Teatru\" target=\"_blank\"><strong>Festivalul Interna\u0163ional de Teatru<\/strong><\/a> este de c\u00e2\u0163iva ani buni emblema Sibiului. Povestea lui a \u00eenceput \u00een urm\u0103 cu 19 ani, c\u00e2nd Constantin Chiriac, actualul director al <a href=\"http:\/\/www.tnrs.ro\/\" title=\"Teatrul National Radu Stanca Sibiu\" target=\"_blank\">Teatrului \u201eRadu Stanca\u201d<\/a> a avut ini\u0163iativa organiz\u0103rii lui. Sprijinit de personalit\u0103\u0163i culturale a reu\u015fit s\u0103 pun\u0103 \u00een scena ora\u015fului prima edi\u0163ie a Festivalului, \u00een anul 1993. De atunci \u015fi p\u00e2n\u0103 la edi\u0163ia de anul acesta, <a href=\"http:\/\/www.sibfest.ro\" title=\"FITS\" target=\"_blank\">FITS<\/a> a evoluat fulminant, ajung\u00e2nd s\u0103 fie cunoscut din America p\u00e2n\u0103 \u00een Japonia. Dac\u0103 la prima edi\u0163ie au participat reprezentan\u0163i din doar 2 \u0163\u0103ri (Republica Moldova \u015fi Rom\u00e2nia), \u00een 1994 \u2013 anul primei edi\u0163ii a Festivalului, declarat\u0103 \u00een mod oficial, num\u0103rul \u0163\u0103rilor participante a crescut la 8, ajung\u00e2nd ca la edi\u0163ia din 2013 s\u0103 fie <strong>350 de evenimente culturale<\/strong>, sus\u0163inute de <strong>arti\u015fti din peste 70 de \u0163\u0103ri<\/strong>, prezentate \u00een peste <strong>60 de loca\u0163ii<\/strong> din ora\u015f \u015fi \u00eemprejurimi, cu un num\u0103r zilnic de peste <strong>60.000 de spectatori<\/strong>. De asemenea, \u00een decursul anilor <a href=\"http:\/\/www.sibfest.ro\" title=\"Festivalul International de Teatru Sibiu\" target=\"_blank\">Festivalul<\/a> a suferit modific\u0103ri peste modific\u0103ri, metamorfoz\u0103ri, devenind astfel, una dintre cele mai complexe manifest\u0103ri cultural\u0103 din \u0163ar\u0103 \u015fi nu numai. Astfel, pentru prima dat\u0103 \u00een istoria unui festival din Rom\u00e2nia, se inaugureaz\u0103 o sec\u021biune de patrimoniu care valorific\u0103 cele mai reprezentative produc\u021bii din spa\u021biul rom\u00e2nesc. <a href=\"http:\/\/www.sibfest.ro\" title=\"Festivalul Internationa de Teatru Sibiu\" target=\"_blank\">Festivalul<\/a> a continuat planul de dezvoltare al unei pie\u021be de spectacol \u0219i a dialogului creativ prin sus\u021binerea teatrului idependent, \u00eent\u00e2lnirea \u0219colilor \u0219i academiilor de teatru \u0219i relansarea <a href=\"http:\/\/www.sibiuartsmarket.ro\/\" title=\"Bursa de Spectacole Sibiu\" target=\"_blank\">Bursei de Spectacole<\/a> de la Sibiu. Mai mult, <a href=\"http:\/\/www.sibfest.ro\" title=\"Festivalul International de Teatru Sibiu\" target=\"_blank\">Festivalul<\/a> a devinit gazda unuia dintre cele mai mari t\u00e2rguri de carte din Rom\u00e2nia (Sibiu BookFest) \u0219i ini\u021biatorul unei platforme de arte vizuale sus\u021binute de artistul  Dan Perjovschi. Anul adesta, Sibiul a avut parte de Festivalul Interna\u0163ional de Teatru \u00een perioada 7 &#8211; 16 iunie.<br \/>\nFiecare edi\u0163ie a Festivalului s-a desf\u0103\u0219urat sub genericul unor teme generoase \u00een jurul c\u0103rora s-a f\u0103cut planificarea artistic\u0103:<\/p>\n<p>1995 &#8211; Toleran\u0163\u0103<br \/>\n1996 &#8211; Violen\u0163\u0103<br \/>\n1997 &#8211; Identitate Cultural\u0103<br \/>\n1998 &#8211; Leg\u0103turi<br \/>\n1999 &#8211; Creativitate<br \/>\n2000 &#8211; Alternative<br \/>\n2001 &#8211; Provoc\u0103ri<br \/>\n2002 &#8211; Pun\u0163i<br \/>\n2003 &#8211; M\u00e2ine<br \/>\n2004 &#8211; Mo\u015fteniri<br \/>\n2005 &#8211; Semne<br \/>\n2006 &#8211; \u00cempreun\u0103<br \/>\n2007 &#8211; Next<br \/>\n2008 &#8211; Energii<br \/>\n2009 &#8211; Inova\u0163ii<br \/>\n2010 &#8211; \u00centreb\u0103ri<br \/>\n2011 &#8211; Comunit\u0103\u0163i<br \/>\n2012 &#8211; Crize. Cultura face diferen\u021ba<br \/>\n2013 &#8211; Dialog<\/p>\n","protected":false},"excerpt":{"rendered":"<p>Adev\u0103rul este c\u0103 atunci c\u00e2nd te al\u0103turi unei echipe uria\u015fe, a\u015fa cum este cea a Festivalului Interna\u0163ional de Teatru \u015fi faci vizibil\u0103 cu un promo de zile mari, a\u015fa cum am f\u0103cut noi, cea mai mare desf\u0103\u015furare cultural\u0103 din \u0163ar\u0103, nu ai cum s\u0103 nu te umfli \u00een pene. Calitatea poate fi provat\u0103 doar prin [&hellip;]<\/p>\n","protected":false},"author":1,"featured_media":0,"comment_status":"open","ping_status":"open","sticky":false,"template":"","format":"standard","meta":[],"categories":[7,3],"tags":[67,108,112,109,111,8,110],"_links":{"self":[{"href":"https:\/\/www.printcenter.ro\/blog\/wp-json\/wp\/v2\/posts\/649"}],"collection":[{"href":"https:\/\/www.printcenter.ro\/blog\/wp-json\/wp\/v2\/posts"}],"about":[{"href":"https:\/\/www.printcenter.ro\/blog\/wp-json\/wp\/v2\/types\/post"}],"author":[{"embeddable":true,"href":"https:\/\/www.printcenter.ro\/blog\/wp-json\/wp\/v2\/users\/1"}],"replies":[{"embeddable":true,"href":"https:\/\/www.printcenter.ro\/blog\/wp-json\/wp\/v2\/comments?post=649"}],"version-history":[{"count":4,"href":"https:\/\/www.printcenter.ro\/blog\/wp-json\/wp\/v2\/posts\/649\/revisions"}],"predecessor-version":[{"id":686,"href":"https:\/\/www.printcenter.ro\/blog\/wp-json\/wp\/v2\/posts\/649\/revisions\/686"}],"wp:attachment":[{"href":"https:\/\/www.printcenter.ro\/blog\/wp-json\/wp\/v2\/media?parent=649"}],"wp:term":[{"taxonomy":"category","embeddable":true,"href":"https:\/\/www.printcenter.ro\/blog\/wp-json\/wp\/v2\/categories?post=649"},{"taxonomy":"post_tag","embeddable":true,"href":"https:\/\/www.printcenter.ro\/blog\/wp-json\/wp\/v2\/tags?post=649"}],"curies":[{"name":"wp","href":"https:\/\/api.w.org\/{rel}","templated":true}]}}